{"id":2728,"date":"2025-05-07T14:40:30","date_gmt":"2025-05-07T12:40:30","guid":{"rendered":"https:\/\/www.empp.co.uk\/wordpress\/?p=2728"},"modified":"2025-05-07T16:57:41","modified_gmt":"2025-05-07T14:57:41","slug":"polskie-akordy-wywiad-z-marjanem-kiepura","status":"publish","type":"post","link":"https:\/\/www.empp.co.uk\/wordpress\/polskie-akordy-wywiad-z-marjanem-kiepura\/","title":{"rendered":"Polskie akordy &#8211; wywiad z Marjanem Kiepur\u0105"},"content":{"rendered":"\n<p class=\"has-large-font-size\"><strong>Polskie akordy<\/strong><\/p>\n\n\n\n<p><strong>Podczas wizyty Marjana Kiepury, pianisty i popularyzatora muzyki Chopina, syna Marty Eggerth i Jana Kiepury w Newark Air Muzeum, redakcja East Midlands po Polsku poprosi\u0142a artyst\u0119 o wywiad, kt\u00f3ry przeprowadzi\u0142a Agnieszka Oko\u0144ska.<\/strong><\/p>\n\n\n<div class=\"wp-block-image\">\n<figure class=\"aligncenter\"><img loading=\"lazy\" decoding=\"async\" width=\"1024\" height=\"576\" src=\"https:\/\/www.empp.co.uk\/wordpress\/wp-content\/uploads\/2025\/05\/P1200174-1-1024x576.jpg\" alt=\"\" class=\"wp-image-2737\" srcset=\"https:\/\/www.empp.co.uk\/wordpress\/wp-content\/uploads\/2025\/05\/P1200174-1-1024x576.jpg 1024w, https:\/\/www.empp.co.uk\/wordpress\/wp-content\/uploads\/2025\/05\/P1200174-1-300x169.jpg 300w, https:\/\/www.empp.co.uk\/wordpress\/wp-content\/uploads\/2025\/05\/P1200174-1-768x432.jpg 768w, https:\/\/www.empp.co.uk\/wordpress\/wp-content\/uploads\/2025\/05\/P1200174-1-1536x864.jpg 1536w, https:\/\/www.empp.co.uk\/wordpress\/wp-content\/uploads\/2025\/05\/P1200174-1-2048x1152.jpg 2048w, https:\/\/www.empp.co.uk\/wordpress\/wp-content\/uploads\/2025\/05\/P1200174-1-1160x653.jpg 1160w, https:\/\/www.empp.co.uk\/wordpress\/wp-content\/uploads\/2025\/05\/P1200174-1-600x338.jpg 600w\" sizes=\"auto, (max-width: 1024px) 100vw, 1024px\" \/><\/figure><\/div>\n\n\n<p class=\"has-small-font-size\">Jane Knox-Kiepura i Marjan Kiepura podczas wizyty w Newark Air Muzeum. \/ fot. SPS<\/p>\n\n\n\n<p><\/p>\n\n\n\n<p><strong>Czy m\u00f3g\u0142by Pan powiedzie\u0107, jakie jest pochodzenie Pa\u0144skiego imienia?<\/strong><\/p>\n\n\n\n<p>Jest ono po\u0142\u0105czeniem imion moich rodzic\u00f3w, Marty i Jana, st\u0105d Marjan. Tak naprawd\u0119 to moja babcia wymy\u015bli\u0142a to imi\u0119.<\/p>\n\n\n\n<p><strong>Urodzi\u0142 si\u0119 Pan w Pary\u017cu. Jak znale\u017ali si\u0119 tam Pana rodzice?<\/strong><\/p>\n\n\n\n<p>Moi rodzice wyst\u0119powali w tym czasie w Pary\u017cu w operetce Emmericha Kalmana \u201eKsi\u0119\u017cniczka Czardasza\u201d. By\u0142o to w 1950 roku, w kt\u00f3rym si\u0119 urodzi\u0142em. Nakr\u0119cili r\u00f3wnie\u017c film \u201eLa Valse Brilliant\u201d rok wcze\u015bniej, w 1949 roku. To by\u0142 ich powr\u00f3t do Europy po drugiej wojnie.<\/p>\n\n\n\n<p><strong>Pa\u0144ski dom rodzinny musia\u0142 by\u0142 wype\u0142niony muzyk\u0105, g\u0142\u00f3wnie \u015bpiewem, jak s\u0105dz\u0119, ale postanowi\u0142 Pan zosta\u0107 pianist\u0105. Jak to si\u0119 zacz\u0119\u0142o i rozwin\u0119\u0142o w p\u00f3\u017aniejsz\u0105 karier\u0119 pianisty?<\/strong><\/p>\n\n\n\n<p>Tak, rzeczywi\u015bcie, dom by\u0142 zawsze pe\u0142en muzyki. Moi rodzice mieli pr\u00f3by, ale odwiedzali nas te\u017c inni arty\u015bci. Od 5 lub 6 roku \u017cycia moim ulubionym instrumentem by\u0142 fortepian, st\u0105d zainteresowanie gr\u0105 na tym instrumencie pojawi\u0142o si\u0119 u mnie naturalnie. Nie by\u0142em do niczego zmuszany. Muzyka i, oczywi\u015bcie, \u015bpiew by\u0142y zawsze w naszym domu obecne.<\/p>\n\n\n\n<p><strong>Jaki wp\u0142yw na Pana \u017cycie jako artysty mieli Pa\u0144scy rodzice?<\/strong><\/p>\n\n\n\n<p>Doskona\u0142e pytanie. Po pierwsze, mimo \u017ce nie jestem \u015bpiewakiem, wiele dowiedzia\u0142em si\u0119 o \u015bpiewie i o wokalnej d\u0142ugowieczno\u015bci; zw\u0142aszcza od mojej matki, kt\u00f3ra \u015bpiewa\u0142a zawodowo do swych p\u00f3\u017anych lat 90-tych! Odpowiedni dob\u00f3r r\u00f3l, kt\u00f3re s\u0105 wygodne dla g\u0142osu i nie obci\u0105\u017caj\u0105 go, by\u0142 dla niej kluczowy, ale i prowadzenie zdrowego stylu \u017cycia.<\/p>\n\n\n\n<p>Jako pocz\u0105tkuj\u0105cemu piani\u015bcie, muzyka Chopina by\u0142a mi zawsze bliska. M\u00f3j ojciec kocha\u0142 Polak\u00f3w. Kiedy spacerowali\u015bmy w okolicach naszego domu na obrze\u017cach Nowego Jorku i poczu\u0142 zapach sosny, my\u015bla\u0142 o miejscu, w kt\u00f3rym dorasta\u0142 \u2013 o Sosnowcu, czy o Krynicy. Wychowywa\u0142em si\u0119 s\u0142uchaj\u0105c wielu opowie\u015bci o Polsce. M\u00f3j ojciec cz\u0119sto te\u017c cytowa\u0142 strofy poezji polskich autor\u00f3w.<\/p>\n\n\n\n<p>Podczas II wojny \u015bwiatowej \u015bpiewa\u0142 na wszystkich swoich koncertach w\u0142asn\u0105 wersj\u0119 Preludium \u201eDeszczowego\u201d op. 28, nr 15 Chopina, kt\u00f3re nazywa\u0142 \u201eModlitw\u0105 za Polsk\u0119\u201d:<\/p>\n\n\n\n<figure class=\"wp-block-embed is-type-rich is-provider-obsluga-osadzania wp-block-embed-obsluga-osadzania\"><div class=\"wp-block-embed__wrapper\">\n<!--[if lt IE 9]><script>document.createElement('audio');<\/script><![endif]-->\n<audio class=\"wp-audio-shortcode\" id=\"audio-2728-1\" preload=\"none\" style=\"width: 100%;\" controls=\"controls\"><source type=\"audio\/mpeg\" src=\"https:\/\/patriamusic.com\/CDs\/Jan_Kiepura_v1\/24.Prayer_for_Poland.mp3?_=1\" \/><a href=\"https:\/\/patriamusic.com\/CDs\/Jan_Kiepura_v1\/24.Prayer_for_Poland.mp3\">https:\/\/patriamusic.com\/CDs\/Jan_Kiepura_v1\/24.Prayer_for_Poland.mp3<\/a><\/audio>\n<\/div><\/figure>\n\n\n\n<p>Opracowa\u0142 te\u017c wokaln\u0105 wersj\u0119 <em>Kujawiaka<\/em> Wieniawskiego, kt\u00f3ry to utw\u00f3r jest fantastycznym mazurkiem:<\/p>\n\n\n\n<figure class=\"wp-block-embed is-type-rich is-provider-obsluga-osadzania wp-block-embed-obsluga-osadzania\"><div class=\"wp-block-embed__wrapper\">\n<audio class=\"wp-audio-shortcode\" id=\"audio-2728-2\" preload=\"none\" style=\"width: 100%;\" controls=\"controls\"><source type=\"audio\/mpeg\" src=\"https:\/\/patriamusic.com\/CDs\/Jan_Kiepura_v1\/21.Kujawiak.mp3?_=2\" \/><a href=\"https:\/\/patriamusic.com\/CDs\/Jan_Kiepura_v1\/21.Kujawiak.mp3\">https:\/\/patriamusic.com\/CDs\/Jan_Kiepura_v1\/21.Kujawiak.mp3<\/a><\/audio>\n<\/div><\/figure>\n\n\n\n<p>Te dwa utwory by\u0142y sta\u0142ymi punktami jego repertuaru.<\/p>\n\n\n\n<p>To z pewno\u015bci\u0105 mia\u0142o na mnie wp\u0142yw. Chopin stworzy\u0142 ducha polsko\u015bci, kt\u00f3rego s\u0142yszymy w jego muzyce, a szczeg\u00f3lnie w mazurkach. Oczywi\u015bcie, kocham ca\u0142\u0105 tw\u00f3rczo\u015b\u0107 Chopina. To uniwersalny geniusz. Jego muzyka jest przyst\u0119pna dla ka\u017cdego, bez wzgl\u0119du na pochodzenie czy narodowo\u015b\u0107.<\/p>\n\n\n\n<p><strong>Mazurek op. 68, nr 2 w wykonaniu Marjana Kiepury:<\/strong><\/p>\n\n\n\n<figure class=\"wp-block-embed is-type-rich is-provider-obsluga-osadzania wp-block-embed-obsluga-osadzania\"><div class=\"wp-block-embed__wrapper\">\n<audio class=\"wp-audio-shortcode\" id=\"audio-2728-3\" preload=\"none\" style=\"width: 100%;\" controls=\"controls\"><source type=\"audio\/mpeg\" src=\"https:\/\/patriamusic.com\/mp3\/Mazurka_A_minor.mp3?_=3\" \/><a href=\"https:\/\/patriamusic.com\/mp3\/Mazurka_A_minor.mp3\">https:\/\/patriamusic.com\/mp3\/Mazurka_A_minor.mp3<\/a><\/audio>\n<\/div><\/figure>\n\n\n\n<p><\/p>\n\n\n\n<p><\/p>\n\n\n\n<p><strong>Zauwa\u017cy\u0142am, \u017ce Pa\u0144ska obecno\u015b\u0107 na YouTube i FB ma dwa r\u00f3\u017cne nurty: jeden ma na celu utrwalenie pami\u0119ci o rodzicach oraz ich nagra\u0144, drugi prezentuje Pa\u0144skie wykonania muzyki Chopina i mini wyk\u0142ady na temat jego utwor\u00f3w. Poza tym, swoje zwi\u0105zki z Polsk\u0105 kultywuje Pan r\u00f3wnie\u017c poprzez upami\u0119tnianie \u017co\u0142nierzy II wojny \u015bwiatowej. Jakie by\u0142y tego pocz\u0105tki i na czym te dzia\u0142ania polegaj\u0105?<\/strong><\/p>\n\n\n\n<p>Ojciec mojej \u017cony, Peter Knox, kt\u00f3ry by\u0142 Australijczykiem, zaci\u0105gn\u0105\u0142 si\u0119 jako 18-latek do Dywizjonu 619. Jego samolot zosta\u0142 zestrzelony w czerwcu 1944 roku nad p\u00f3\u0142nocn\u0105 Belgi\u0105, ale uda\u0142o mu si\u0119 prze\u017cy\u0107, bo zd\u0105\u017cy\u0142 wyskoczy\u0107 ze spadochronem. By\u0142 ukrywany przez cz\u0142onk\u00f3w ruchu oporu w p\u00f3\u0142nocnej Belgii do czasu, gdy m\u00f3g\u0142 powr\u00f3ci\u0107 na bezpieczne terytorium.<\/p>\n\n\n\n<p>M\u00f3j ojciec, Jan Kiepura, by\u0142 blisko polskich dywizjon\u00f3w i pozna\u0142 lotnik\u00f3w Dywizjonu 303, tak wi\u0119c dorasta\u0142em, s\u0142uchaj\u0105c opowie\u015bci o ich bohaterstwie.<\/p>\n\n\n<div class=\"wp-block-image\">\n<figure class=\"aligncenter is-resized\"><img loading=\"lazy\" decoding=\"async\" width=\"263\" height=\"211\" src=\"https:\/\/www.empp.co.uk\/wordpress\/wp-content\/uploads\/2025\/05\/image-4.png\" alt=\"Obrazek posiada pusty atrybut alt; plik o nazwie image-3.png\" class=\"wp-image-2739\" style=\"aspect-ratio:1.2464454976303319;width:279px;height:auto\"\/><\/figure><\/div>\n\n\n<p class=\"has-text-align-center has-small-font-size\">Na zdj\u0119ciu Jan Kiepura i Marta Eggerth w otoczeniu lotnik\u00f3w z Dywizjonu 303<\/p>\n\n\n\n<p>Kiedy wybuch\u0142a II wojna \u015bwiatowa, m\u00f3j ojciec zg\u0142osi\u0142 si\u0119 do polskiego rz\u0105du na Uchod\u017astwie we Francji, aby zaci\u0105gn\u0105\u0107 si\u0119 do wojska, ale odwiedziono go od tego pomys\u0142u, bo uznano, \u017ce mo\u017ce o wiele wi\u0119cej zdzia\u0142a\u0107 zbieraj\u0105c fundusze na polskie i alianckie cele wojenne, czemu si\u0119 te\u017c po\u015bwi\u0119ci\u0142. Wiele podr\u00f3\u017cowa\u0142 po Stanach Zjednoczonych w latach wojny, aby zebra\u0107 du\u017ce sumy pieni\u0119dzy na rzecz takich organizacji, jak Polish War Relief czy Polish Ambulance Corp, ale i na inne cele \u2013 dla RAF-u, Royal Canadian Air Force i United States Army Air Corp. Zosta\u0142 zaproszony do Bia\u0142ego Domu przez \u00f3wczesnego prezydenta Roosevelta, kt\u00f3ry osobi\u015bcie podzi\u0119kowa\u0142 mu za jego dzia\u0142ania w czasie wojny.<\/p>\n\n\n\n<p>Od wielu lat moja \u017cona, Jane Knox-Kiepura wraz ze mn\u0105 pozostaje w bliskim kontakcie z \u201eRodzin\u0105 Dywizjonu 619\u201d i pod koniec kwietnia uczestniczyli\u015bmy w wydarzeniu upami\u0119tniaj\u0105cym lotnik\u00f3w tego dywizjonu, w Newark Air Museum, niedaleko Nottingham. Podczas tego pobytu ponownie oddali\u015bmy ho\u0142d polskim lotnikom przy po\u015bwi\u0119conych im tablicach i wystawie. Warto zaznaczy\u0107, \u017ce polskie dywizjony 300 i 301 szkoli\u0142y si\u0119 w RAF Winthorpe, na miejscu kt\u00f3rego jest teraz w\u0142a\u015bnie Newark Air Museum. Mie\u015bci si\u0119 tam Ogr\u00f3d Pami\u0119ci, gdzie kilka lat wcze\u015bniej posadzili\u015bmy drzewa, aby uhonorowa\u0107 polskie dywizjony, a tak\u017ce dywizjon 619. To nadzwyczajne miejsce, warte odwiedzenia, szczeg\u00f3lnie dla mi\u0142o\u015bnik\u00f3w samolot\u00f3w i historii. Jest te\u017c bardzo przyjazne dla rodzin.<\/p>\n\n\n\n<p class=\"has-text-align-center\">Na zdj\u0119ciu jedna z trzech tablic w Ogrodzie Pami\u0119ci, ufundowanych przez Jane i Marjana Kiepur\u00f3w:<\/p>\n\n\n<div class=\"wp-block-image\">\n<figure class=\"aligncenter size-large is-resized\"><img loading=\"lazy\" decoding=\"async\" width=\"756\" height=\"1024\" src=\"https:\/\/www.empp.co.uk\/wordpress\/wp-content\/uploads\/2025\/05\/Plaque-to-Polish-Airmen-at-RAF-Winthorpe-756x1024.jpg\" alt=\"\" class=\"wp-image-2733\" style=\"aspect-ratio:0.7682926829268293;width:326px;height:auto\" srcset=\"https:\/\/www.empp.co.uk\/wordpress\/wp-content\/uploads\/2025\/05\/Plaque-to-Polish-Airmen-at-RAF-Winthorpe-756x1024.jpg 756w, https:\/\/www.empp.co.uk\/wordpress\/wp-content\/uploads\/2025\/05\/Plaque-to-Polish-Airmen-at-RAF-Winthorpe-221x300.jpg 221w, https:\/\/www.empp.co.uk\/wordpress\/wp-content\/uploads\/2025\/05\/Plaque-to-Polish-Airmen-at-RAF-Winthorpe-768x1041.jpg 768w, https:\/\/www.empp.co.uk\/wordpress\/wp-content\/uploads\/2025\/05\/Plaque-to-Polish-Airmen-at-RAF-Winthorpe-1133x1536.jpg 1133w, https:\/\/www.empp.co.uk\/wordpress\/wp-content\/uploads\/2025\/05\/Plaque-to-Polish-Airmen-at-RAF-Winthorpe-1511x2048.jpg 1511w, https:\/\/www.empp.co.uk\/wordpress\/wp-content\/uploads\/2025\/05\/Plaque-to-Polish-Airmen-at-RAF-Winthorpe-600x813.jpg 600w, https:\/\/www.empp.co.uk\/wordpress\/wp-content\/uploads\/2025\/05\/Plaque-to-Polish-Airmen-at-RAF-Winthorpe-scaled.jpg 1889w\" sizes=\"auto, (max-width: 756px) 100vw, 756px\" \/><\/figure><\/div>\n\n\n<p class=\"has-text-align-center\">Na zdj\u0119ciu za\u0142oga, z kt\u00f3r\u0105 Peter Knox bra\u0142 udzia\u0142 w o\u015bmiu misjach lotniczych <br>(RAF Winthorpe, marzec 1944)<\/p>\n\n\n<div class=\"wp-block-image\">\n<figure class=\"aligncenter size-large is-resized\"><img loading=\"lazy\" decoding=\"async\" width=\"1024\" height=\"626\" src=\"https:\/\/www.empp.co.uk\/wordpress\/wp-content\/uploads\/2025\/05\/k-1024x626.jpg\" alt=\"\" class=\"wp-image-2734\" style=\"aspect-ratio:1.1538461538461537;width:547px;height:auto\" srcset=\"https:\/\/www.empp.co.uk\/wordpress\/wp-content\/uploads\/2025\/05\/k-1024x626.jpg 1024w, https:\/\/www.empp.co.uk\/wordpress\/wp-content\/uploads\/2025\/05\/k-300x183.jpg 300w, https:\/\/www.empp.co.uk\/wordpress\/wp-content\/uploads\/2025\/05\/k-768x469.jpg 768w, https:\/\/www.empp.co.uk\/wordpress\/wp-content\/uploads\/2025\/05\/k-1536x938.jpg 1536w, https:\/\/www.empp.co.uk\/wordpress\/wp-content\/uploads\/2025\/05\/k-600x367.jpg 600w, https:\/\/www.empp.co.uk\/wordpress\/wp-content\/uploads\/2025\/05\/k.jpg 1892w\" sizes=\"auto, (max-width: 1024px) 100vw, 1024px\" \/><\/figure><\/div>\n\n\n<p><strong>Wiem, \u017ce wkr\u00f3tce planuje Pan wraz z ma\u0142\u017conk\u0105 wizyt\u0119 w Warszawie.<\/strong><\/p>\n\n\n\n<p>Tak, jest to zwi\u0105zane z naszym darem dla Opery Narodowej, czyli portretem Jana Kiepury namalowanym w 1967 roku na podstawie zdj\u0119cia (m\u00f3j ojciec zmar\u0142 rok wcze\u015bniej). To portret autorstwa Borisa Chaliapina (1904-1979), znanego portrecisty magazynu \u201eTime\u201d, syna wielkiego rosyjskiego basa Fiodora Chaliapina. S\u0142yn\u0105\u0142 on na ca\u0142ym \u015bwiecie z portret\u00f3w znanych os\u00f3b, w tym wielu g\u0142\u00f3w pa\u0144stw. Portret przedstawiaj\u0105cy mego ojca znajdowa\u0142 si\u0119 w naszym domu rodzinnym, a teraz zosta\u0142 przekazany Operze Narodowej w Warszawie.<\/p>\n\n\n\n<p class=\"has-text-align-center\">Na zdj\u0119ciu portret p\u0119dzla Borisa Chaliapina przedstawiaj\u0105cy Jana Kiepur\u0119<\/p>\n\n\n<div class=\"wp-block-image\">\n<figure class=\"aligncenter size-full is-resized\"><img loading=\"lazy\" decoding=\"async\" width=\"97\" height=\"142\" src=\"https:\/\/www.empp.co.uk\/wordpress\/wp-content\/uploads\/2025\/05\/image-1.png\" alt=\"\" class=\"wp-image-2729\" style=\"aspect-ratio:0.6830985915492958;width:149px;height:auto\"\/><\/figure><\/div>\n\n\n<p><strong>Na koniec naszej rozmowy chcia\u0142abym zapyta\u0107 jakie jest Pa\u0144skie \u017cyciowe motto?<\/strong><\/p>\n\n\n\n<p>Jest ono wyryte na nagrobku mojego ojca na Pow\u0105zkach: \u201eGdy cz\u0142owiek umiera, nie pozostaje po nim na tej ziemi nic opr\u00f3cz dobra, kt\u00f3re uczyni\u0142 innym\u201d.<\/p>\n\n\n\n<p><strong>Bardzo dzi\u0119kuj\u0119 za rozmow\u0119.<\/strong><\/p>\n\n\n\n<p><\/p>\n\n\n\n<p>Agnieszka Oko\u0144ska \u2013 dziennikarka mieszkaj\u0105ca w Londynie, autorka ksi\u0105\u017cki \u201eWielkie role gwiazd opery\u201d wyd. BOSZ, 2016<\/p>\n\n\n<div class=\"wp-block-image\">\n<figure class=\"aligncenter size-large\"><img loading=\"lazy\" decoding=\"async\" width=\"1024\" height=\"576\" src=\"https:\/\/www.empp.co.uk\/wordpress\/wp-content\/uploads\/2025\/05\/P1200222-1024x576.jpg\" alt=\"\" class=\"wp-image-2736\" srcset=\"https:\/\/www.empp.co.uk\/wordpress\/wp-content\/uploads\/2025\/05\/P1200222-1024x576.jpg 1024w, https:\/\/www.empp.co.uk\/wordpress\/wp-content\/uploads\/2025\/05\/P1200222-300x169.jpg 300w, https:\/\/www.empp.co.uk\/wordpress\/wp-content\/uploads\/2025\/05\/P1200222-768x432.jpg 768w, https:\/\/www.empp.co.uk\/wordpress\/wp-content\/uploads\/2025\/05\/P1200222-1536x864.jpg 1536w, https:\/\/www.empp.co.uk\/wordpress\/wp-content\/uploads\/2025\/05\/P1200222-2048x1152.jpg 2048w, https:\/\/www.empp.co.uk\/wordpress\/wp-content\/uploads\/2025\/05\/P1200222-1160x653.jpg 1160w, https:\/\/www.empp.co.uk\/wordpress\/wp-content\/uploads\/2025\/05\/P1200222-600x338.jpg 600w\" sizes=\"auto, (max-width: 1024px) 100vw, 1024px\" \/><\/figure><\/div>\n\n\n<p class=\"has-small-font-size\">Jane Knox-Kiepura i Marjan Kiepura podczas wizyty w Newark Air Muzeum. \/ fot. SPS<\/p>\n","protected":false},"excerpt":{"rendered":"<p>Polskie akordy Podczas wizyty Marjana Kiepury, pianisty i popularyzatora muzyki Chopina, syna Marty Eggerth i Jana Kiepury w Newark Air Muzeum, redakcja East Midlands po Polsku poprosi\u0142a artyst\u0119 o wywiad, kt\u00f3ry przeprowadzi\u0142a Agnieszka Oko\u0144ska. Jane Knox-Kiepura i Marjan Kiepura podczas wizyty w Newark Air Muzeum. \/ fot. SPS Czy m\u00f3g\u0142by Pan powiedzie\u0107, jakie jest pochodzenie [&hellip;]<\/p>\n","protected":false},"author":1,"featured_media":2742,"comment_status":"closed","ping_status":"closed","sticky":false,"template":"","format":"standard","meta":{"footnotes":""},"categories":[110],"tags":[158,160,162,164,166,168,170,172,174,54,176,178],"class_list":["post-2728","post","type-post","status-publish","format-standard","has-post-thumbnail","hentry","category-news-pl","tag-agnieszka-okonska-pl","tag-east-midlands-polonia-pl","tag-jan-kiepura-2-pl","tag-jane-knox-kiepura-pl","tag-marjan-kiepura-pl","tag-marta-eggerth-pl","tag-newarkairmuseum-pl","tag-newspaper-pl","tag-polonia-w-nottingham-pl","tag-polonia-w-uk","tag-sps-pl","tag-wywiad-pl"],"_links":{"self":[{"href":"https:\/\/www.empp.co.uk\/wordpress\/wp-json\/wp\/v2\/posts\/2728","targetHints":{"allow":["GET"]}}],"collection":[{"href":"https:\/\/www.empp.co.uk\/wordpress\/wp-json\/wp\/v2\/posts"}],"about":[{"href":"https:\/\/www.empp.co.uk\/wordpress\/wp-json\/wp\/v2\/types\/post"}],"author":[{"embeddable":true,"href":"https:\/\/www.empp.co.uk\/wordpress\/wp-json\/wp\/v2\/users\/1"}],"replies":[{"embeddable":true,"href":"https:\/\/www.empp.co.uk\/wordpress\/wp-json\/wp\/v2\/comments?post=2728"}],"version-history":[{"count":4,"href":"https:\/\/www.empp.co.uk\/wordpress\/wp-json\/wp\/v2\/posts\/2728\/revisions"}],"predecessor-version":[{"id":2748,"href":"https:\/\/www.empp.co.uk\/wordpress\/wp-json\/wp\/v2\/posts\/2728\/revisions\/2748"}],"wp:featuredmedia":[{"embeddable":true,"href":"https:\/\/www.empp.co.uk\/wordpress\/wp-json\/wp\/v2\/media\/2742"}],"wp:attachment":[{"href":"https:\/\/www.empp.co.uk\/wordpress\/wp-json\/wp\/v2\/media?parent=2728"}],"wp:term":[{"taxonomy":"category","embeddable":true,"href":"https:\/\/www.empp.co.uk\/wordpress\/wp-json\/wp\/v2\/categories?post=2728"},{"taxonomy":"post_tag","embeddable":true,"href":"https:\/\/www.empp.co.uk\/wordpress\/wp-json\/wp\/v2\/tags?post=2728"}],"curies":[{"name":"wp","href":"https:\/\/api.w.org\/{rel}","templated":true}]}}